{"id":12177,"date":"2022-04-15T14:14:42","date_gmt":"2022-04-15T12:14:42","guid":{"rendered":"https:\/\/www.briscous.fr\/?p=12177"},"modified":"2022-04-15T14:14:42","modified_gmt":"2022-04-15T12:14:42","slug":"point-infos-u-s-bardos","status":"publish","type":"post","link":"https:\/\/www.briscous.fr\/eu\/association\/point-infos-u-s-bardos","title":{"rendered":"Point infos U.S BARDOS"},"content":{"rendered":"<p class=\"qtranxs-available-languages-message qtranxs-available-languages-message-eu\">D\u00e9sol\u00e9, cet article est seulement disponible en <a href=\"https:\/\/www.briscous.fr\/fr\/wp-json\/wp\/v2\/posts\/12177\" class=\"qtranxs-available-language-link qtranxs-available-language-link-fr\" title=\"Fran\u00e7ais\">Fran\u00e7ais<\/a>.<\/p><p><\/p>\n<p><em>Cette saison, l\u2019Union Sportive Bardos les 3 vall\u00e9es a regroup\u00e9 325 licenci\u00e9s gar\u00e7ons et filles.<br \/>\nEntam\u00e9es au mois de septembre, les phases qualificatives se terminent. Gr\u00e2ce \u00e0 l&#8217;entente de tous nos villages les r\u00e9sultats sont remarquables.<br \/>\n-Les cadets sont 1er de poule.<br \/>\n-Les juniors terminent \u00e0 la 2<sup>\u00e8me<\/sup> place.<br \/>\n-La r\u00e9serve, gr\u00e2ce \u00e0 sa 2<sup>\u00e8me<\/sup> place se qualifie pour le championnat de France. <\/em><\/p>\n<p><em>-L\u2019\u00e9quipe fanion, 4<sup>\u00e8me<\/sup> de sa poule, va jouer les barrages.<br \/>\nMaintenant, les matchs \u00e9liminatoires vont d\u00e9buter. Le samedi 23 avril, nos cadets rencontreront La Br\u00e8de en 1\/2 finale du Challenge Max Brito. Ensuite toutes les \u00e9quipes\u00a0seront sur le pont \u00e0 compter du 24 avril (match de barrage face \u00e0 Caussade \u00e0 domicile) puis tous les week end. Qui finira le dernier\u00a0et quand\u00a0?<br \/>\nD\u00e8s \u00e0 pr\u00e9sent, il faut pr\u00e9parer la prochaine rentr\u00e9e. Chaque saison les effectifs des cat\u00e9gories jeunes varient\u00a0; \u00a0passage au niveau sup\u00e9rieur, changements familiaux, d&#8217;\u00e9coles, de lyc\u00e9es de travail&#8230;\u00a0 <\/em><\/p>\n<p><em>Vous voulez nous rejoindre\u00a0? Manifestez-vous d\u00e8s maintenant.<br \/>\nPour accompagner tous ces jeunes il faut une arm\u00e9e de b\u00e9n\u00e9voles : accompagnateurs d&#8217;\u00e9quipes, \u00e9ducateurs, soigneurs, cuistots, barmen, arbitres, cameraman\u2026 J&#8217;invite toutes les bonnes volont\u00e9s \u00e0 me joindre au 06 83 40 05 09.\u00a0 \u00a0 <\/em><\/p>\n<p><em>\u00a0<\/em><\/p>\n<p><em>J.B. LAMOTE\u00a0 <\/em><\/p>\n<p><em>Pr\u00e9sident de L\u2019U.S. Bardos<\/em><\/p>\n<p>&nbsp;<\/p>\n<p><\/p>","protected":false},"excerpt":{"rendered":"<p>D\u00e9sol\u00e9, cet article est seulement disponible en Fran\u00e7ais. Cette saison, l\u2019Union Sportive Bardos les 3 vall\u00e9es a regroup\u00e9 325 licenci\u00e9s gar\u00e7ons et filles. Entam\u00e9es au mois de septembre, les phases &hellip;<\/p>\n","protected":false},"author":2,"featured_media":10540,"comment_status":"closed","ping_status":"closed","sticky":false,"template":"","format":"standard","meta":{"_acf_changed":false,"_seopress_robots_primary_cat":"","_seopress_titles_title":"","_seopress_titles_desc":"","_seopress_robots_index":"","footnotes":""},"categories":[109,93],"tags":[],"class_list":["post-12177","post","type-post","status-publish","format-standard","has-post-thumbnail","hentry","category-actualites","category-association"],"acf":[],"jetpack_featured_media_url":"https:\/\/www.briscous.fr\/wp-content\/uploads\/2021\/06\/us-bardos.png","_links":{"self":[{"href":"https:\/\/www.briscous.fr\/eu\/wp-json\/wp\/v2\/posts\/12177","targetHints":{"allow":["GET"]}}],"collection":[{"href":"https:\/\/www.briscous.fr\/eu\/wp-json\/wp\/v2\/posts"}],"about":[{"href":"https:\/\/www.briscous.fr\/eu\/wp-json\/wp\/v2\/types\/post"}],"author":[{"embeddable":true,"href":"https:\/\/www.briscous.fr\/eu\/wp-json\/wp\/v2\/users\/2"}],"replies":[{"embeddable":true,"href":"https:\/\/www.briscous.fr\/eu\/wp-json\/wp\/v2\/comments?post=12177"}],"version-history":[{"count":1,"href":"https:\/\/www.briscous.fr\/eu\/wp-json\/wp\/v2\/posts\/12177\/revisions"}],"predecessor-version":[{"id":12178,"href":"https:\/\/www.briscous.fr\/eu\/wp-json\/wp\/v2\/posts\/12177\/revisions\/12178"}],"wp:featuredmedia":[{"embeddable":true,"href":"https:\/\/www.briscous.fr\/eu\/wp-json\/wp\/v2\/media\/10540"}],"wp:attachment":[{"href":"https:\/\/www.briscous.fr\/eu\/wp-json\/wp\/v2\/media?parent=12177"}],"wp:term":[{"taxonomy":"category","embeddable":true,"href":"https:\/\/www.briscous.fr\/eu\/wp-json\/wp\/v2\/categories?post=12177"},{"taxonomy":"post_tag","embeddable":true,"href":"https:\/\/www.briscous.fr\/eu\/wp-json\/wp\/v2\/tags?post=12177"}],"curies":[{"name":"wp","href":"https:\/\/api.w.org\/{rel}","templated":true}]}}