{"id":26879,"date":"2024-09-13T15:42:02","date_gmt":"2024-09-13T13:42:02","guid":{"rendered":"https:\/\/www.briscous.fr\/?p=26879"},"modified":"2024-09-13T15:42:02","modified_gmt":"2024-09-13T13:42:02","slug":"travaux-46","status":"publish","type":"post","link":"https:\/\/www.briscous.fr\/eu\/travaux\/travaux-46","title":{"rendered":"Travaux"},"content":{"rendered":"<p class=\"qtranxs-available-languages-message qtranxs-available-languages-message-eu\">D\u00e9sol\u00e9, cet article est seulement disponible en <a href=\"https:\/\/www.briscous.fr\/fr\/wp-json\/wp\/v2\/posts\/26879\" class=\"qtranxs-available-language-link qtranxs-available-language-link-fr\" title=\"Fran\u00e7ais\">Fran\u00e7ais<\/a>.<\/p><p><\/p>\n<p><span style=\"text-decoration: underline;\"><span style=\"color: #000080;\"><strong>Chemin Martindegia :\u00a0<\/strong><\/span><\/span><\/p>\n<p>Dans le cadre du d\u00e9ploiement de la fibre optique, des travaux de g\u00e9nie civil sont pr\u00e9vus sur la VC n\u00b016 dite chemin de Martindegia du<strong> lundi 16 septembre 2024 jusqu&#8217;au mardi 15 octobre 2024<\/strong>.<br \/>\nPar cons\u00e9quent, le stationnement au droit du chantier sera interdit et la circulation sera r\u00e9glement\u00e9e par feux tricolores ou manuellement.<br \/>\n<a href=\"https:\/\/www.briscous.fr\/wp-content\/uploads\/2024\/09\/arrete-a129.pdf\" target=\"_blank\" rel=\"noopener\">arrete A129<\/a><\/p>\n<p><\/p>","protected":false},"excerpt":{"rendered":"<p>D\u00e9sol\u00e9, cet article est seulement disponible en Fran\u00e7ais. Chemin Martindegia :\u00a0 Dans le cadre du d\u00e9ploiement de la fibre optique, des travaux de g\u00e9nie civil sont pr\u00e9vus sur la VC &hellip;<\/p>\n","protected":false},"author":2,"featured_media":16176,"comment_status":"closed","ping_status":"closed","sticky":false,"template":"","format":"standard","meta":{"_acf_changed":false,"_seopress_robots_primary_cat":"none","_seopress_titles_title":"","_seopress_titles_desc":"","_seopress_robots_index":"","footnotes":""},"categories":[95],"tags":[],"class_list":["post-26879","post","type-post","status-publish","format-standard","has-post-thumbnail","hentry","category-travaux"],"acf":[],"jetpack_featured_media_url":"https:\/\/www.briscous.fr\/wp-content\/uploads\/2023\/10\/travaux-feux-temporaires.png","_links":{"self":[{"href":"https:\/\/www.briscous.fr\/eu\/wp-json\/wp\/v2\/posts\/26879","targetHints":{"allow":["GET"]}}],"collection":[{"href":"https:\/\/www.briscous.fr\/eu\/wp-json\/wp\/v2\/posts"}],"about":[{"href":"https:\/\/www.briscous.fr\/eu\/wp-json\/wp\/v2\/types\/post"}],"author":[{"embeddable":true,"href":"https:\/\/www.briscous.fr\/eu\/wp-json\/wp\/v2\/users\/2"}],"replies":[{"embeddable":true,"href":"https:\/\/www.briscous.fr\/eu\/wp-json\/wp\/v2\/comments?post=26879"}],"version-history":[{"count":2,"href":"https:\/\/www.briscous.fr\/eu\/wp-json\/wp\/v2\/posts\/26879\/revisions"}],"predecessor-version":[{"id":26884,"href":"https:\/\/www.briscous.fr\/eu\/wp-json\/wp\/v2\/posts\/26879\/revisions\/26884"}],"wp:featuredmedia":[{"embeddable":true,"href":"https:\/\/www.briscous.fr\/eu\/wp-json\/wp\/v2\/media\/16176"}],"wp:attachment":[{"href":"https:\/\/www.briscous.fr\/eu\/wp-json\/wp\/v2\/media?parent=26879"}],"wp:term":[{"taxonomy":"category","embeddable":true,"href":"https:\/\/www.briscous.fr\/eu\/wp-json\/wp\/v2\/categories?post=26879"},{"taxonomy":"post_tag","embeddable":true,"href":"https:\/\/www.briscous.fr\/eu\/wp-json\/wp\/v2\/tags?post=26879"}],"curies":[{"name":"wp","href":"https:\/\/api.w.org\/{rel}","templated":true}]}}