{"id":28404,"date":"2025-02-21T16:43:16","date_gmt":"2025-02-21T14:43:16","guid":{"rendered":"https:\/\/www.briscous.fr\/?p=28404"},"modified":"2025-03-03T16:54:13","modified_gmt":"2025-03-03T14:54:13","slug":"deploiement-fibre-optique-2","status":"publish","type":"post","link":"https:\/\/www.briscous.fr\/eu\/travaux\/deploiement-fibre-optique-2","title":{"rendered":"D\u00e9ploiement fibre optique"},"content":{"rendered":"<p class=\"qtranxs-available-languages-message qtranxs-available-languages-message-eu\">D\u00e9sol\u00e9, cet article est seulement disponible en <a href=\"https:\/\/www.briscous.fr\/fr\/wp-json\/wp\/v2\/posts\/28404\" class=\"qtranxs-available-language-link qtranxs-available-language-link-fr\" title=\"Fran\u00e7ais\">Fran\u00e7ais<\/a>.<\/p><p><\/p>\n<p><span style=\"text-decoration: underline; color: #000080;\"><strong>Chemin Alzueta, Chemin des Cr\u00eates :<\/strong><\/span><\/p>\n<p>Dans le cadre du d\u00e9ploiement de la fibre optique, des travaux de tirage de c\u00e2bles souterrain et a\u00e9rien-Audit et reprise-\u00a0 Raccordement du r\u00e9seau fibre optique FFTH sont pr\u00e9vus sur la VC n\u00b029 dite chemin Alzueta et sur la VC n\u00b01 dite chemin des Cr\u00eates du<strong> lundi 24 f\u00e9vrier 2025 jusqu\u2019au Samedi 22 mars 2025 inclus.<\/strong><br \/>\n<strong>Par cons\u00e9quent, le stationnement au droit du chantier sera interdit et la circulation sera r\u00e9glement\u00e9e par feux tricolores ou manuellement.<br \/>\n<\/strong><a href=\"https:\/\/www.briscous.fr\/wp-content\/uploads\/2025\/02\/arrete-a22.pdf\" target=\"_blank\" rel=\"noopener\">Arr\u00eat\u00e9 A22<\/a><\/p>\n<p><\/p>","protected":false},"excerpt":{"rendered":"<p>D\u00e9sol\u00e9, cet article est seulement disponible en Fran\u00e7ais. Chemin Alzueta, Chemin des Cr\u00eates : Dans le cadre du d\u00e9ploiement de la fibre optique, des travaux de tirage de c\u00e2bles souterrain &hellip;<\/p>\n","protected":false},"author":2,"featured_media":14215,"comment_status":"closed","ping_status":"closed","sticky":false,"template":"","format":"standard","meta":{"_acf_changed":false,"_seopress_robots_primary_cat":"none","_seopress_titles_title":"","_seopress_titles_desc":"","_seopress_robots_index":"","footnotes":""},"categories":[95],"tags":[],"class_list":["post-28404","post","type-post","status-publish","format-standard","has-post-thumbnail","hentry","category-travaux"],"acf":[],"jetpack_featured_media_url":"https:\/\/www.briscous.fr\/wp-content\/uploads\/2023\/02\/fibre.png","_links":{"self":[{"href":"https:\/\/www.briscous.fr\/eu\/wp-json\/wp\/v2\/posts\/28404","targetHints":{"allow":["GET"]}}],"collection":[{"href":"https:\/\/www.briscous.fr\/eu\/wp-json\/wp\/v2\/posts"}],"about":[{"href":"https:\/\/www.briscous.fr\/eu\/wp-json\/wp\/v2\/types\/post"}],"author":[{"embeddable":true,"href":"https:\/\/www.briscous.fr\/eu\/wp-json\/wp\/v2\/users\/2"}],"replies":[{"embeddable":true,"href":"https:\/\/www.briscous.fr\/eu\/wp-json\/wp\/v2\/comments?post=28404"}],"version-history":[{"count":2,"href":"https:\/\/www.briscous.fr\/eu\/wp-json\/wp\/v2\/posts\/28404\/revisions"}],"predecessor-version":[{"id":28519,"href":"https:\/\/www.briscous.fr\/eu\/wp-json\/wp\/v2\/posts\/28404\/revisions\/28519"}],"wp:featuredmedia":[{"embeddable":true,"href":"https:\/\/www.briscous.fr\/eu\/wp-json\/wp\/v2\/media\/14215"}],"wp:attachment":[{"href":"https:\/\/www.briscous.fr\/eu\/wp-json\/wp\/v2\/media?parent=28404"}],"wp:term":[{"taxonomy":"category","embeddable":true,"href":"https:\/\/www.briscous.fr\/eu\/wp-json\/wp\/v2\/categories?post=28404"},{"taxonomy":"post_tag","embeddable":true,"href":"https:\/\/www.briscous.fr\/eu\/wp-json\/wp\/v2\/tags?post=28404"}],"curies":[{"name":"wp","href":"https:\/\/api.w.org\/{rel}","templated":true}]}}