{"id":35851,"date":"2025-09-04T11:42:07","date_gmt":"2025-09-04T09:42:07","guid":{"rendered":"https:\/\/www.briscous.fr\/?p=35851"},"modified":"2025-09-04T16:30:23","modified_gmt":"2025-09-04T14:30:23","slug":"travaux-60","status":"publish","type":"post","link":"https:\/\/www.briscous.fr\/eu\/travaux\/travaux-60","title":{"rendered":"Trava"},"content":{"rendered":"<p class=\"qtranxs-available-languages-message qtranxs-available-languages-message-eu\">D\u00e9sol\u00e9, cet article est seulement disponible en <a href=\"https:\/\/www.briscous.fr\/fr\/wp-json\/wp\/v2\/posts\/35851\" class=\"qtranxs-available-language-link qtranxs-available-language-link-fr\" title=\"Fran\u00e7ais\">Fran\u00e7ais<\/a>.<\/p><p><\/p>\n<p><span style=\"text-decoration: underline;\">\u00a0<strong><span style=\"color: #000080; text-decoration: underline;\">RD936 Route de Mouguerre et VC N\u00b038 dite chemin Elixaga :<\/span><\/strong><\/span><\/p>\n<p class=\"cvGsUA direction-ltr align-justify para-style-body\">Dans le cadre du d\u00e9ploiement de la fibre optique, des travaux d\u2019ouverture de chambre T\u00e9l\u00e9com pour tirage de c\u00e2bles et raccordement \u00e0 la fibre optique sont pr\u00e9vus sur une portion de la RD936 Route de Mouguerre et la VC N\u00b038 dite chemin Elixaga du <span style=\"text-decoration: underline;\">vendredi 05 septembre 2025 jusqu\u2019au jeudi 25 septembre 2025 inclus.<\/span><\/p>\n<p class=\"cvGsUA direction-ltr align-justify para-style-body\">Par cons\u00e9quent, le stationnement au droit du chantier sera interdit et la circulation sera r\u00e9glement\u00e9e par feux tricolores ou manuellement.<\/p>\n<p><a href=\"https:\/\/www.briscous.fr\/wp-content\/uploads\/2025\/09\/arrete-a105.pdf\" target=\"_blank\" rel=\"noopener\">Arr\u00eat\u00e9 A105<\/a><\/p>\n<p class=\"cvGsUA direction-ltr align-justify para-style-body\"><span style=\"text-decoration: underline;\"><strong><span class=\"a_GcMg font-feature-liga-off font-feature-clig-off font-feature-calt-off text-decoration-none text-strikethrough-none\" style=\"color: #000080; text-decoration: underline;\">VC n\u00b05 Chemin Ithurraldia, <\/span><\/strong><strong><span class=\"a_GcMg font-feature-liga-off font-feature-clig-off font-feature-calt-off text-decoration-none text-strikethrough-none\" style=\"color: #000080; text-decoration: underline;\">VC n\u00b047 Chemin Harriaga, <\/span><\/strong><strong><span class=\"a_GcMg font-feature-liga-off font-feature-clig-off font-feature-calt-off text-decoration-none text-strikethrough-none\" style=\"color: #000080; text-decoration: underline;\">VC n\u00b045 Chemin Larraldea, <\/span><\/strong><strong><span class=\"a_GcMg font-feature-liga-off font-feature-clig-off font-feature-calt-off text-decoration-none text-strikethrough-none\" style=\"color: #000080; text-decoration: underline;\">VC n\u00b03 Chemin Jauberria et Chemin de Patarria :<\/span><\/strong><\/span><\/p>\n<p><span class=\"a_GcMg font-feature-liga-off font-feature-clig-off font-feature-calt-off text-decoration-none text-strikethrough-none\">Dans le cadre du d\u00e9ploiement de la fibre optique, des travaux de<\/span> <span class=\"a_GcMg font-feature-liga-off font-feature-clig-off font-feature-calt-off text-decoration-none text-strikethrough-none\">tirage de c\u00e2bles souterrain et\/ou a\u00e9rien puis raccordement \u00e0 la fibre optique sont pr\u00e9vus sur plusieurs voies communales\u00a0<\/span><span class=\"a_GcMg font-feature-liga-off font-feature-clig-off font-feature-calt-off text-decoration-none text-strikethrough-none\">du <\/span><span style=\"text-decoration: underline;\"><span class=\"a_GcMg font-feature-liga-off font-feature-clig-off font-feature-calt-off text-strikethrough-none text-decoration-underline\">Mercredi 10 septembre 2025 jusqu\u2019au jeudi<\/span> <span class=\"a_GcMg font-feature-liga-off font-feature-clig-off font-feature-calt-off text-strikethrough-none text-decoration-underline\">09 Octobre 2025 inclus.<\/span><\/span><\/p>\n<p class=\"cvGsUA direction-ltr align-justify para-style-body\"><span class=\"a_GcMg font-feature-liga-off font-feature-clig-off font-feature-calt-off text-decoration-none text-strikethrough-none\">Par cons\u00e9quent, le stationnement au droit du chantier sera<\/span> <span class=\"a_GcMg font-feature-liga-off font-feature-clig-off font-feature-calt-off text-decoration-none text-strikethrough-none\">interdit et la circulation sera r\u00e9glement\u00e9e par feux tricolores ou manuellement.<br \/>\n<a href=\"https:\/\/www.briscous.fr\/wp-content\/uploads\/2025\/09\/arrete-a104.pdf\" target=\"_blank\" rel=\"noopener\">Arr\u00eat\u00e9 A104<\/a><br \/>\n<\/span><\/p>\n<p class=\"cvGsUA direction-ltr align-justify para-style-body\"><span style=\"text-decoration: underline;\"><strong><span style=\"color: #000080; text-decoration: underline;\"><span class=\"a_GcMg font-feature-liga-off font-feature-clig-off font-feature-calt-off text-decoration-none text-strikethrough-none\">VC n\u00b016 Chemin Martindeguia, <\/span><span class=\"a_GcMg font-feature-liga-off font-feature-clig-off font-feature-calt-off text-decoration-none text-strikethrough-none\">VC n\u00b034 Chemin Gaineko Etxea, <\/span><span class=\"a_GcMg font-feature-liga-off font-feature-clig-off font-feature-calt-off text-decoration-none text-strikethrough-none\">VC n\u00b038 Chemin Elixaga, <\/span><span class=\"a_GcMg font-feature-liga-off font-feature-clig-off font-feature-calt-off text-decoration-none text-strikethrough-none\">VC n\u00b02 Chemin Chandondeya :<\/span><\/span><\/strong><\/span><\/p>\n<p class=\"cvGsUA direction-ltr align-justify para-style-body\"><span class=\"a_GcMg font-feature-liga-off font-feature-clig-off font-feature-calt-off text-decoration-none text-strikethrough-none\">Dans le cadre du d\u00e9ploiement de la fibre optique, des travaux de<\/span> <span class=\"a_GcMg font-feature-liga-off font-feature-clig-off font-feature-calt-off text-decoration-none text-strikethrough-none\">r\u00e9gularisation des appuis r\u00e9f\u00e9r\u00e9 ENEDIS sont pr\u00e9vus sur plusieurs voies communales\u00a0<\/span><span class=\"a_GcMg font-feature-liga-off font-feature-clig-off font-feature-calt-off text-decoration-none text-strikethrough-none\">du <\/span><span class=\"a_GcMg font-feature-liga-off font-feature-clig-off font-feature-calt-off text-strikethrough-none text-decoration-underline\"><span style=\"text-decoration: underline;\">Lundi 08 septembre 2025 jusqu\u2019au<\/span> <span style=\"text-decoration: underline;\">Mardi 07 Octobre 2025 inclus.<\/span><\/span><\/p>\n<p class=\"cvGsUA direction-ltr align-justify para-style-body\"><span class=\"a_GcMg font-feature-liga-off font-feature-clig-off font-feature-calt-off text-decoration-none text-strikethrough-none\">Par cons\u00e9quent, le stationnement au droit du chantier sera<\/span> <span class=\"a_GcMg font-feature-liga-off font-feature-clig-off font-feature-calt-off text-decoration-none text-strikethrough-none\">interdit et la circulation sera r\u00e9glement\u00e9e par feux tricolores ou manuellement.<br \/>\n<a href=\"https:\/\/www.briscous.fr\/wp-content\/uploads\/2025\/09\/arrete-a103.pdf\" target=\"_blank\" rel=\"noopener\">Arr\u00eat\u00e9 A103<\/a><\/p>\n<p><\/span><\/p>\n<p><span style=\"text-decoration: underline;\"><span style=\"color: #000080;\"><strong><span class=\"a_GcMg font-feature-liga-off font-feature-clig-off font-feature-calt-off text-decoration-underline text-strikethrough-none\">RD 936 Territoire des communes de Mouguerre et Briscous :\u00a0<br \/>\n<\/span><\/strong><\/span><\/span><\/p>\n<p class=\"cvGsUA direction-ltr align-center para-style-body\"><span class=\"a_GcMg font-feature-liga-off font-feature-clig-off font-feature-calt-off text-decoration-none text-strikethrough-none\">En raison de travaux de t\u00e9l\u00e9communication (tirage de c\u00e2bles), et pour assurer la s\u00e9curit\u00e9 des usagers, il convient de r\u00e9glementer la circulation \u00e0 compter du <span style=\"text-decoration: underline;\">03 septembre 2025 et jusqu\u2019au 22<\/span> <span style=\"text-decoration: underline;\">octobre 2025<\/span>, les jours ouvr\u00e9s, la circulation s\u2019effectuera en chauss\u00e9e r\u00e9tr\u00e9cie (au droit des ateliers) sur la RD 936 entre le PR 123+080 et PR 117+1000, commune de Mouguerre \/ Briscous.<\/span><\/p>\n<p class=\"cvGsUA direction-ltr align-center para-style-body\"><span class=\"a_GcMg font-feature-liga-off font-feature-clig-off font-feature-calt-off text-decoration-none text-strikethrough-none\">La circulation sera r\u00e9gul\u00e9e manuellement si besoin, pr\u00e9c\u00e9d\u00e9e<\/span> <span class=\"a_GcMg font-feature-liga-off font-feature-clig-off font-feature-calt-off text-decoration-none text-strikethrough-none\">d\u2019une signalisation d\u2019approche.<br \/>\n<a href=\"https:\/\/www.briscous.fr\/wp-content\/uploads\/2025\/09\/arret-conjoint.pdf\" target=\"_blank\" rel=\"noopener\">Arr\u00eat\u00e9 conjoint<\/a><br \/>\n<\/span><\/p>\n<p><\/p>","protected":false},"excerpt":{"rendered":"<p>D\u00e9sol\u00e9, cet article est seulement disponible en Fran\u00e7ais. \u00a0RD936 Route de Mouguerre et VC N\u00b038 dite chemin Elixaga : Dans le cadre du d\u00e9ploiement de la fibre optique, des travaux &hellip;<\/p>\n","protected":false},"author":2,"featured_media":10122,"comment_status":"closed","ping_status":"closed","sticky":false,"template":"","format":"standard","meta":{"_acf_changed":false,"_seopress_robots_primary_cat":"none","_seopress_titles_title":"","_seopress_titles_desc":"","_seopress_robots_index":"","footnotes":""},"categories":[95],"tags":[],"class_list":["post-35851","post","type-post","status-publish","format-standard","has-post-thumbnail","hentry","category-travaux"],"acf":[],"jetpack_featured_media_url":"https:\/\/www.briscous.fr\/wp-content\/uploads\/2021\/04\/fibre-1.jpg","_links":{"self":[{"href":"https:\/\/www.briscous.fr\/eu\/wp-json\/wp\/v2\/posts\/35851","targetHints":{"allow":["GET"]}}],"collection":[{"href":"https:\/\/www.briscous.fr\/eu\/wp-json\/wp\/v2\/posts"}],"about":[{"href":"https:\/\/www.briscous.fr\/eu\/wp-json\/wp\/v2\/types\/post"}],"author":[{"embeddable":true,"href":"https:\/\/www.briscous.fr\/eu\/wp-json\/wp\/v2\/users\/2"}],"replies":[{"embeddable":true,"href":"https:\/\/www.briscous.fr\/eu\/wp-json\/wp\/v2\/comments?post=35851"}],"version-history":[{"count":3,"href":"https:\/\/www.briscous.fr\/eu\/wp-json\/wp\/v2\/posts\/35851\/revisions"}],"predecessor-version":[{"id":35879,"href":"https:\/\/www.briscous.fr\/eu\/wp-json\/wp\/v2\/posts\/35851\/revisions\/35879"}],"wp:featuredmedia":[{"embeddable":true,"href":"https:\/\/www.briscous.fr\/eu\/wp-json\/wp\/v2\/media\/10122"}],"wp:attachment":[{"href":"https:\/\/www.briscous.fr\/eu\/wp-json\/wp\/v2\/media?parent=35851"}],"wp:term":[{"taxonomy":"category","embeddable":true,"href":"https:\/\/www.briscous.fr\/eu\/wp-json\/wp\/v2\/categories?post=35851"},{"taxonomy":"post_tag","embeddable":true,"href":"https:\/\/www.briscous.fr\/eu\/wp-json\/wp\/v2\/tags?post=35851"}],"curies":[{"name":"wp","href":"https:\/\/api.w.org\/{rel}","templated":true}]}}