{"id":36023,"date":"2025-09-19T15:58:15","date_gmt":"2025-09-19T13:58:15","guid":{"rendered":"https:\/\/www.briscous.fr\/?p=36023"},"modified":"2025-09-22T17:49:44","modified_gmt":"2025-09-22T15:49:44","slug":"travaux-63","status":"publish","type":"post","link":"https:\/\/www.briscous.fr\/eu\/travaux\/travaux-63","title":{"rendered":"Travaux"},"content":{"rendered":"<p class=\"qtranxs-available-languages-message qtranxs-available-languages-message-eu\">D\u00e9sol\u00e9, cet article est seulement disponible en <a href=\"https:\/\/www.briscous.fr\/fr\/wp-json\/wp\/v2\/posts\/36023\" class=\"qtranxs-available-language-link qtranxs-available-language-link-fr\" title=\"Fran\u00e7ais\">Fran\u00e7ais<\/a>.<\/p><p><\/p>\n<p><span style=\"text-decoration: underline;\"><span style=\"color: #000080;\"><strong>RD936 Route du Bourg, VC n\u00b035 chemin Etxeparia :<\/strong><\/span><\/span><\/p>\n<p class=\"cvGsUA direction-ltr align-justify para-style-body\"><span class=\"a_GcMg font-feature-liga-off font-feature-clig-off font-feature-calt-off text-decoration-none text-strikethrough-none\">Dans le cadre du d\u00e9ploiement de la fibre optique, des travaux de<\/span> <span class=\"a_GcMg font-feature-liga-off font-feature-clig-off font-feature-calt-off text-decoration-none text-strikethrough-none\">tirage de c\u00e2bles souterrain et\/ou a\u00e9rien puis raccordement \u00e0 la fibre optique sont pr\u00e9vus sur une portion de la RD936 Route du Bourg et la VC n\u00b035 dite Chemin Etxeparia du <\/span><strong><span style=\"text-decoration: underline;\"><span class=\"a_GcMg font-feature-liga-off font-feature-clig-off font-feature-calt-off text-strikethrough-none text-decoration-underline\">Mardi 23 septembre 2025 jusqu\u2019au mercredi 22 Octobre 2025 inclus <\/span><\/span><\/strong><span class=\"a_GcMg font-feature-liga-off font-feature-clig-off font-feature-calt-off text-strikethrough-none text-decoration-none\">(1 \u00e0 5 jours dans la p\u00e9riode).<\/span><\/p>\n<p class=\"cvGsUA direction-ltr align-justify para-style-body\"><span class=\"a_GcMg font-feature-liga-off font-feature-clig-off font-feature-calt-off text-decoration-none text-strikethrough-none\">Par cons\u00e9quent, le stationnement au droit du chantier sera<\/span> <span class=\"a_GcMg font-feature-liga-off font-feature-clig-off font-feature-calt-off text-decoration-none text-strikethrough-none\">interdit et la circulation sera r\u00e9glement\u00e9e par feux tricolores ou manuellement.<\/span><\/p>\n<p class=\"cvGsUA direction-ltr align-justify para-style-body\"><a href=\"https:\/\/www.briscous.fr\/wp-content\/uploads\/2025\/09\/arrete-a112.pdf\" target=\"_blank\" rel=\"noopener\">Arr\u00eat\u00e9 A112<\/a><\/p>\n<p>\n<span style=\"text-decoration: underline;\"><span style=\"color: #000080;\"><strong><span class=\"a_GcMg font-feature-liga-off font-feature-clig-off font-feature-calt-off text-decoration-underline text-strikethrough-none\">Chemin Leizarraga :<\/span><\/strong><\/span><\/span><\/p>\n<p class=\"cvGsUA direction-ltr align-center para-style-body\"><span class=\"a_GcMg font-feature-liga-off font-feature-clig-off font-feature-calt-off text-decoration-none text-strikethrough-none\">Des travaux de renouvellement du r\u00e9seau d\u2019eau potable sont pr\u00e9vus du <\/span><span style=\"text-decoration: underline;\"><strong><span class=\"a_GcMg font-feature-liga-off font-feature-clig-off font-feature-calt-off text-strikethrough-none text-decoration-underline\">mercredi 24 septembre 2025 jusqu\u2019au vendredi 07 d\u00e9cembre 2025<\/span><\/strong><span class=\"a_GcMg font-feature-liga-off font-feature-clig-off font-feature-calt-off text-strikethrough-none text-decoration-none\">.<\/span><\/span><\/p>\n<p class=\"cvGsUA direction-ltr align-center para-style-body\"><span class=\"a_GcMg font-feature-liga-off font-feature-clig-off font-feature-calt-off text-decoration-none text-strikethrough-none\">Les p\u00e9riodes de travail vont de 8h \u00e0 17h30. <\/span><span class=\"a_GcMg font-feature-liga-off font-feature-clig-off font-feature-calt-off text-decoration-none text-strikethrough-none\">L\u2019acc\u00e8s des riverains sera maintenu.<\/span><\/p>\n<p class=\"cvGsUA direction-ltr align-start para-style-body\"><span class=\"a_GcMg font-feature-liga-off font-feature-clig-off font-feature-calt-off text-decoration-none text-strikethrough-none\">Par cons\u00e9quent, la circulation sera r\u00e9glement\u00e9e par des panneaux mis en place par la soci\u00e9t\u00e9 indiquant un r\u00e9tr\u00e9cissement de la chauss\u00e9e.<\/span><\/p>\n<p><a href=\"https:\/\/www.briscous.fr\/wp-content\/uploads\/2025\/09\/arrete-a110.pdf\" target=\"_blank\" rel=\"noopener\">Arr\u00eat\u00e9 A110<\/a><\/p>\n<p><a href=\"https:\/\/www.briscous.fr\/wp-content\/uploads\/2025\/09\/flash-info-extension-aep-che-leizarraga-bris.pdf\" target=\"_blank\" rel=\"noopener\">Flash info &#8211; Extension AEP &#8211; chemin Leizarraga &#8211; BRIS<\/a><\/p>\n<p>&nbsp;<\/p>\n<p><\/p>","protected":false},"excerpt":{"rendered":"<p>D\u00e9sol\u00e9, cet article est seulement disponible en Fran\u00e7ais. RD936 Route du Bourg, VC n\u00b035 chemin Etxeparia : Dans le cadre du d\u00e9ploiement de la fibre optique, des travaux de tirage &hellip;<\/p>\n","protected":false},"author":2,"featured_media":26512,"comment_status":"closed","ping_status":"closed","sticky":false,"template":"","format":"standard","meta":{"_acf_changed":false,"_seopress_robots_primary_cat":"none","_seopress_titles_title":"","_seopress_titles_desc":"","_seopress_robots_index":"","footnotes":""},"categories":[95],"tags":[],"class_list":["post-36023","post","type-post","status-publish","format-standard","has-post-thumbnail","hentry","category-travaux"],"acf":[],"jetpack_featured_media_url":"https:\/\/www.briscous.fr\/wp-content\/uploads\/2024\/07\/infos-travaux.jpg","_links":{"self":[{"href":"https:\/\/www.briscous.fr\/eu\/wp-json\/wp\/v2\/posts\/36023","targetHints":{"allow":["GET"]}}],"collection":[{"href":"https:\/\/www.briscous.fr\/eu\/wp-json\/wp\/v2\/posts"}],"about":[{"href":"https:\/\/www.briscous.fr\/eu\/wp-json\/wp\/v2\/types\/post"}],"author":[{"embeddable":true,"href":"https:\/\/www.briscous.fr\/eu\/wp-json\/wp\/v2\/users\/2"}],"replies":[{"embeddable":true,"href":"https:\/\/www.briscous.fr\/eu\/wp-json\/wp\/v2\/comments?post=36023"}],"version-history":[{"count":3,"href":"https:\/\/www.briscous.fr\/eu\/wp-json\/wp\/v2\/posts\/36023\/revisions"}],"predecessor-version":[{"id":36052,"href":"https:\/\/www.briscous.fr\/eu\/wp-json\/wp\/v2\/posts\/36023\/revisions\/36052"}],"wp:featuredmedia":[{"embeddable":true,"href":"https:\/\/www.briscous.fr\/eu\/wp-json\/wp\/v2\/media\/26512"}],"wp:attachment":[{"href":"https:\/\/www.briscous.fr\/eu\/wp-json\/wp\/v2\/media?parent=36023"}],"wp:term":[{"taxonomy":"category","embeddable":true,"href":"https:\/\/www.briscous.fr\/eu\/wp-json\/wp\/v2\/categories?post=36023"},{"taxonomy":"post_tag","embeddable":true,"href":"https:\/\/www.briscous.fr\/eu\/wp-json\/wp\/v2\/tags?post=36023"}],"curies":[{"name":"wp","href":"https:\/\/api.w.org\/{rel}","templated":true}]}}