{"id":36271,"date":"2025-10-17T17:16:11","date_gmt":"2025-10-17T15:16:11","guid":{"rendered":"https:\/\/www.briscous.fr\/?p=36271"},"modified":"2025-10-17T17:16:11","modified_gmt":"2025-10-17T15:16:11","slug":"travaux-68","status":"publish","type":"post","link":"https:\/\/www.briscous.fr\/eu\/travaux\/travaux-68","title":{"rendered":"Travaux"},"content":{"rendered":"<p class=\"qtranxs-available-languages-message qtranxs-available-languages-message-eu\">D\u00e9sol\u00e9, cet article est seulement disponible en <a href=\"https:\/\/www.briscous.fr\/fr\/wp-json\/wp\/v2\/posts\/36271\" class=\"qtranxs-available-language-link qtranxs-available-language-link-fr\" title=\"Fran\u00e7ais\">Fran\u00e7ais<\/a>.<\/p><p><\/p>\n<p><strong><span style=\"text-decoration: underline;\"><span style=\"color: #000080;\"><span class=\"a_GcMg font-feature-liga-off font-feature-clig-off font-feature-calt-off text-decoration-underline text-strikethrough-none\">VC n\u00b049 dite All\u00e9e Hego Alde :<\/span><\/span><\/span><\/strong><\/p>\n<p class=\"cvGsUA direction-ltr align-center para-style-body\"><span class=\"a_GcMg font-feature-liga-off font-feature-clig-off font-feature-calt-off text-decoration-none text-strikethrough-none\">La circulation sur la VC n\u00b049 dite all\u00e9e Hego Alde sera r\u00e9glement\u00e9e par un alternat manuel et ce \u00e0 compter du Lundi 20 octobre 2025 jusqu\u2019au vendredi 24 octobre 2025 inclus afin de permettre les travaux d\u2019extension du r\u00e9seau \u00e9lectrique pour la future construction sise all\u00e9e Hego Alde.<\/p>\n<p><\/span><span class=\"a_GcMg font-feature-liga-off font-feature-clig-off font-feature-calt-off text-decoration-none text-strikethrough-none\"><a href=\"https:\/\/www.briscous.fr\/wp-content\/uploads\/2025\/10\/arrete-a130.pdf\" target=\"_blank\" rel=\"noopener\">Arr\u00eat\u00e9 A130 (prolongement de l&#8217;arr\u00eat\u00e9 A107-2025)<\/a><\/span><\/p>\n<p><\/p>","protected":false},"excerpt":{"rendered":"<p>D\u00e9sol\u00e9, cet article est seulement disponible en Fran\u00e7ais. VC n\u00b049 dite All\u00e9e Hego Alde : La circulation sur la VC n\u00b049 dite all\u00e9e Hego Alde sera r\u00e9glement\u00e9e par un alternat &hellip;<\/p>\n","protected":false},"author":2,"featured_media":6620,"comment_status":"closed","ping_status":"closed","sticky":false,"template":"","format":"standard","meta":{"_acf_changed":false,"_seopress_robots_primary_cat":"none","_seopress_titles_title":"","_seopress_titles_desc":"","_seopress_robots_index":"","footnotes":""},"categories":[95],"tags":[],"class_list":["post-36271","post","type-post","status-publish","format-standard","has-post-thumbnail","hentry","category-travaux"],"acf":[],"jetpack_featured_media_url":"https:\/\/www.briscous.fr\/wp-content\/uploads\/2019\/02\/infos-travaux.jpg","_links":{"self":[{"href":"https:\/\/www.briscous.fr\/eu\/wp-json\/wp\/v2\/posts\/36271","targetHints":{"allow":["GET"]}}],"collection":[{"href":"https:\/\/www.briscous.fr\/eu\/wp-json\/wp\/v2\/posts"}],"about":[{"href":"https:\/\/www.briscous.fr\/eu\/wp-json\/wp\/v2\/types\/post"}],"author":[{"embeddable":true,"href":"https:\/\/www.briscous.fr\/eu\/wp-json\/wp\/v2\/users\/2"}],"replies":[{"embeddable":true,"href":"https:\/\/www.briscous.fr\/eu\/wp-json\/wp\/v2\/comments?post=36271"}],"version-history":[{"count":2,"href":"https:\/\/www.briscous.fr\/eu\/wp-json\/wp\/v2\/posts\/36271\/revisions"}],"predecessor-version":[{"id":36276,"href":"https:\/\/www.briscous.fr\/eu\/wp-json\/wp\/v2\/posts\/36271\/revisions\/36276"}],"wp:featuredmedia":[{"embeddable":true,"href":"https:\/\/www.briscous.fr\/eu\/wp-json\/wp\/v2\/media\/6620"}],"wp:attachment":[{"href":"https:\/\/www.briscous.fr\/eu\/wp-json\/wp\/v2\/media?parent=36271"}],"wp:term":[{"taxonomy":"category","embeddable":true,"href":"https:\/\/www.briscous.fr\/eu\/wp-json\/wp\/v2\/categories?post=36271"},{"taxonomy":"post_tag","embeddable":true,"href":"https:\/\/www.briscous.fr\/eu\/wp-json\/wp\/v2\/tags?post=36271"}],"curies":[{"name":"wp","href":"https:\/\/api.w.org\/{rel}","templated":true}]}}