{"id":37052,"date":"2026-01-16T17:49:03","date_gmt":"2026-01-16T15:49:03","guid":{"rendered":"https:\/\/www.briscous.fr\/?p=37052"},"modified":"2026-01-16T17:49:03","modified_gmt":"2026-01-16T15:49:03","slug":"travaux-79","status":"publish","type":"post","link":"https:\/\/www.briscous.fr\/eu\/travaux\/travaux-79","title":{"rendered":"Travaux"},"content":{"rendered":"<p class=\"qtranxs-available-languages-message qtranxs-available-languages-message-eu\">D\u00e9sol\u00e9, cet article est seulement disponible en <a href=\"https:\/\/www.briscous.fr\/fr\/wp-json\/wp\/v2\/posts\/37052\" class=\"qtranxs-available-language-link qtranxs-available-language-link-fr\" title=\"Fran\u00e7ais\">Fran\u00e7ais<\/a>.<\/p><p><\/p>\n<p class=\"cvGsUA direction-ltr align-center para-style-body\"><span style=\"text-decoration: underline;\"><span style=\"color: #000080;\"><strong><span class=\"a_GcMg font-feature-liga-off font-feature-clig-off font-feature-calt-off text-decoration-none text-strikethrough-none\">VC n\u00b06 chemin du Quartier du bois,<\/span><\/strong><\/span><\/span><\/p>\n<p class=\"cvGsUA direction-ltr align-center para-style-body\"><span style=\"color: #000080;\"><strong><span class=\"a_GcMg font-feature-liga-off font-feature-clig-off font-feature-calt-off text-decoration-none text-strikethrough-none\"><span style=\"text-decoration: underline;\">CD 351 chemin du Village,<\/span><br \/>\n<\/span><span class=\"a_GcMg font-feature-liga-off font-feature-clig-off font-feature-calt-off text-decoration-none text-strikethrough-none\">\u00a0<br \/>\n<span style=\"text-decoration: underline;\">Rd N\u00b021 Route d\u2019Hasparren,<\/span><\/p>\n<p><\/span><\/strong><\/span><\/p>\n<p class=\"cvGsUA direction-ltr align-center para-style-body\"><span class=\"a_GcMg font-feature-liga-off font-feature-clig-off font-feature-calt-off text-decoration-none text-strikethrough-none\">Des travaux de compactage du r\u00e9seaux cuivre t\u00e9l\u00e9com a\u00e9rien pour soulagement des appuis existants sont pr\u00e9vus sur la <strong>VC n\u00b06 chemin du Quartier du Bois, CD 351 chemin du Village et la RD n\u00b021 route d\u2019Hasparren <\/strong><\/span><strong><span class=\"a_GcMg font-feature-liga-off font-feature-clig-off font-feature-calt-off text-strikethrough-none text-decoration-underline\">du lundi 19 janvier 2026 jusqu\u2019au mercredi 18 f\u00e9vrier 2026.<\/span><\/strong><\/p>\n<p class=\"cvGsUA direction-ltr align-justify para-style-body\"><strong><span class=\"a_GcMg font-feature-liga-off font-feature-clig-off font-feature-calt-off text-decoration-none text-strikethrough-none\">Par cons\u00e9quent, le stationnement au droit du chantier sera interdit et la circulation sera r\u00e9glement\u00e9e manuellement (empi\u00e8tement sur chauss\u00e9e).<\/span><\/strong><\/p>\n<p><a href=\"https:\/\/www.briscous.fr\/wp-content\/uploads\/2026\/01\/arrete-a8.pdf\" target=\"_blank\" rel=\"noopener\">Arr\u00eat\u00e9 A08-2026<\/a><br \/>\n<a href=\"https:\/\/www.briscous.fr\/wp-content\/uploads\/2026\/01\/arrete-a09.pdf\" target=\"_blank\" rel=\"noopener\">Arr\u00eat\u00e9 A09-2026<\/a><\/p>\n<p><\/p>","protected":false},"excerpt":{"rendered":"<p>D\u00e9sol\u00e9, cet article est seulement disponible en Fran\u00e7ais. VC n\u00b06 chemin du Quartier du bois, CD 351 chemin du Village, \u00a0 Rd N\u00b021 Route d\u2019Hasparren, Des travaux de compactage du &hellip;<\/p>\n","protected":false},"author":2,"featured_media":37057,"comment_status":"closed","ping_status":"closed","sticky":false,"template":"","format":"standard","meta":{"_acf_changed":false,"_seopress_robots_primary_cat":"none","_seopress_titles_title":"","_seopress_titles_desc":"","_seopress_robots_index":"","footnotes":""},"categories":[95],"tags":[],"class_list":["post-37052","post","type-post","status-publish","format-standard","has-post-thumbnail","hentry","category-travaux"],"acf":[],"jetpack_featured_media_url":"https:\/\/www.briscous.fr\/wp-content\/uploads\/2026\/01\/telecom.jpg","_links":{"self":[{"href":"https:\/\/www.briscous.fr\/eu\/wp-json\/wp\/v2\/posts\/37052","targetHints":{"allow":["GET"]}}],"collection":[{"href":"https:\/\/www.briscous.fr\/eu\/wp-json\/wp\/v2\/posts"}],"about":[{"href":"https:\/\/www.briscous.fr\/eu\/wp-json\/wp\/v2\/types\/post"}],"author":[{"embeddable":true,"href":"https:\/\/www.briscous.fr\/eu\/wp-json\/wp\/v2\/users\/2"}],"replies":[{"embeddable":true,"href":"https:\/\/www.briscous.fr\/eu\/wp-json\/wp\/v2\/comments?post=37052"}],"version-history":[{"count":2,"href":"https:\/\/www.briscous.fr\/eu\/wp-json\/wp\/v2\/posts\/37052\/revisions"}],"predecessor-version":[{"id":37059,"href":"https:\/\/www.briscous.fr\/eu\/wp-json\/wp\/v2\/posts\/37052\/revisions\/37059"}],"wp:featuredmedia":[{"embeddable":true,"href":"https:\/\/www.briscous.fr\/eu\/wp-json\/wp\/v2\/media\/37057"}],"wp:attachment":[{"href":"https:\/\/www.briscous.fr\/eu\/wp-json\/wp\/v2\/media?parent=37052"}],"wp:term":[{"taxonomy":"category","embeddable":true,"href":"https:\/\/www.briscous.fr\/eu\/wp-json\/wp\/v2\/categories?post=37052"},{"taxonomy":"post_tag","embeddable":true,"href":"https:\/\/www.briscous.fr\/eu\/wp-json\/wp\/v2\/tags?post=37052"}],"curies":[{"name":"wp","href":"https:\/\/api.w.org\/{rel}","templated":true}]}}