{"id":37417,"date":"2026-02-27T18:02:56","date_gmt":"2026-02-27T16:02:56","guid":{"rendered":"https:\/\/www.briscous.fr\/?p=37417"},"modified":"2026-02-27T18:27:22","modified_gmt":"2026-02-27T16:27:22","slug":"travaux-89","status":"publish","type":"post","link":"https:\/\/www.briscous.fr\/eu\/travaux\/travaux-89","title":{"rendered":"Travaux"},"content":{"rendered":"<p class=\"qtranxs-available-languages-message qtranxs-available-languages-message-eu\">D\u00e9sol\u00e9, cet article est seulement disponible en <a href=\"https:\/\/www.briscous.fr\/fr\/wp-json\/wp\/v2\/posts\/37417\" class=\"qtranxs-available-language-link qtranxs-available-language-link-fr\" title=\"Fran\u00e7ais\">Fran\u00e7ais<\/a>.<\/p><p><\/p>\n<p><span style=\"text-decoration: underline;\"><span style=\"color: #000080; text-decoration: underline;\"><strong>Place de Parking r\u00e9sidence Iguzkiarrekin :<\/strong><\/span><\/span>\u00a0<\/p>\n<p>Le stationnement de tous les v\u00e9hicules sera interdit sur la place de parking de la r\u00e9sidence Iguzkiarrekin du<strong> 09 mars 2026 <\/strong><strong>et jusqu&#8217;\u00e0 la fin des travaux<\/strong>, pour l&#8217;installation d&#8217;une cabane de chantier.<br \/>\n<a href=\"https:\/\/www.briscous.fr\/wp-content\/uploads\/2026\/02\/arrete-a37-2026.pdf\" target=\"_blank\" rel=\"noopener\">Arr\u00eat\u00e9 A37-2026<\/a><br \/>\n<a href=\"https:\/\/www.briscous.fr\/wp-content\/uploads\/2026\/02\/emplacement-iguzkiarrekin.pdf\" target=\"_blank\" rel=\"noopener\">emplacement iguzkiarrekin<\/a><\/p>\n<p>&nbsp;<\/p>\n<p><span style=\"text-decoration: underline;\"><span style=\"color: #000080; text-decoration: underline;\"><strong>Eglise :\u00a0<\/strong><\/span><\/span><\/p>\n<p>Installation d&#8217;un \u00e9chafaudage sur les fa\u00e7ades de l&#8217;\u00e9glise pour permettre le remplacement de 3 lanternes.<br \/>\n<strong>Du lundi 09 mars 2026 au mardi 10 mars 2026 inclus.<\/strong><br \/>\n<a href=\"https:\/\/www.briscous.fr\/wp-content\/uploads\/2026\/02\/a40-2026.pdf\" target=\"_blank\" rel=\"noopener\">Arr\u00eat\u00e9 A40-2026<\/a><\/p>\n<p>&nbsp;<\/p>\n<p><span style=\"text-decoration: underline;\"><strong><span style=\"color: #000080; text-decoration: underline;\">Quartier du Bois :<\/span><\/strong><\/span><\/p>\n<p>La circulation sur la VC n\u00b06 dite chemin du quartier du Bois sera interdite le <strong>lundi 02 mars 2026, de 08h30 \u00e0 12h30<\/strong>, entre l&#8217;entreprise Goyenetche et la cabane des chasseurs afin d&#8217;effectuer les travaux d&#8217;\u00e9lagages.<br \/>\nUn itin\u00e9raire de d\u00e9viation sera mis en place par le chemin du quartier du Bois puis par le chemin Bellevue de la commune d&#8217;Urt puis la RD936 dite route de Bardos.<br \/>\n<a href=\"https:\/\/www.briscous.fr\/wp-content\/uploads\/2026\/02\/a43-2026.pdf\" target=\"_blank\" rel=\"noopener\">Arr\u00eat\u00e9 A43-2026<\/a><\/p>\n<p>&nbsp;<\/p>\n<p><span style=\"text-decoration: underline;\"><span style=\"color: #000080;\"><strong>RD936 Route de Mouguerre :\u00a0<\/strong><\/span><\/span><\/p>\n<p>Dans le cadre des travaux de g\u00e9nie civil, la soci\u00e9t\u00e9 OT Engineering va intervenir sur la RD936 en agglom\u00e9ration Route de Mouguerre du <strong>02 mars 2026 jusqu&#8217;au 12 avril 2026 inclus<\/strong> (voir plan ci-joint).<br \/>\nPar cons\u00e9quent, le stationnement au droit du chantier sera interdit et la circulation sera r\u00e9glement\u00e9e manuellement.<br \/>\n<a href=\"https:\/\/www.briscous.fr\/wp-content\/uploads\/2026\/02\/a42-2026.pdf\" target=\"_blank\" rel=\"noopener\">Arr\u00eat\u00e9 A42-2026<\/a><\/p>\n<p><a href=\"https:\/\/www.briscous.fr\/wp-content\/uploads\/2026\/02\/plan.pdf\" target=\"_blank\" rel=\"noopener\">Plan annexe A42<\/a><\/p>\n<p>Des travaux d&#8217;ouverture de chambre t\u00e9l\u00e9com pour tirage de c\u00e2ble et raccordement \u00e0 la fibre FTTH sont pr\u00e9vus sur une portion de la RD936 route de Mouguerre, <strong>durant la journ\u00e9e du lundi 02 mars 2026 de 08h \u00e0 18h.<\/strong><br \/>\nPar cons\u00e9quent, le stationnement au droit du chantier sera interdit et la circulation sera altern\u00e9e.<br \/>\n<a href=\"https:\/\/www.briscous.fr\/wp-content\/uploads\/2026\/02\/a45-2026.pdf\" target=\"_blank\" rel=\"noopener\">Arr\u00eat\u00e9 A45-2026<\/a><\/p>\n<p><\/p>","protected":false},"excerpt":{"rendered":"<p>D\u00e9sol\u00e9, cet article est seulement disponible en Fran\u00e7ais. Place de Parking r\u00e9sidence Iguzkiarrekin :\u00a0 Le stationnement de tous les v\u00e9hicules sera interdit sur la place de parking de la r\u00e9sidence &hellip;<\/p>\n","protected":false},"author":2,"featured_media":37420,"comment_status":"closed","ping_status":"closed","sticky":false,"template":"","format":"standard","meta":{"_acf_changed":false,"_seopress_robots_primary_cat":"none","_seopress_titles_title":"","_seopress_titles_desc":"","_seopress_robots_index":"","footnotes":""},"categories":[95],"tags":[],"class_list":["post-37417","post","type-post","status-publish","format-standard","has-post-thumbnail","hentry","category-travaux"],"acf":[],"jetpack_featured_media_url":"https:\/\/www.briscous.fr\/wp-content\/uploads\/2026\/02\/information-travaux.jpg","_links":{"self":[{"href":"https:\/\/www.briscous.fr\/eu\/wp-json\/wp\/v2\/posts\/37417","targetHints":{"allow":["GET"]}}],"collection":[{"href":"https:\/\/www.briscous.fr\/eu\/wp-json\/wp\/v2\/posts"}],"about":[{"href":"https:\/\/www.briscous.fr\/eu\/wp-json\/wp\/v2\/types\/post"}],"author":[{"embeddable":true,"href":"https:\/\/www.briscous.fr\/eu\/wp-json\/wp\/v2\/users\/2"}],"replies":[{"embeddable":true,"href":"https:\/\/www.briscous.fr\/eu\/wp-json\/wp\/v2\/comments?post=37417"}],"version-history":[{"count":5,"href":"https:\/\/www.briscous.fr\/eu\/wp-json\/wp\/v2\/posts\/37417\/revisions"}],"predecessor-version":[{"id":37448,"href":"https:\/\/www.briscous.fr\/eu\/wp-json\/wp\/v2\/posts\/37417\/revisions\/37448"}],"wp:featuredmedia":[{"embeddable":true,"href":"https:\/\/www.briscous.fr\/eu\/wp-json\/wp\/v2\/media\/37420"}],"wp:attachment":[{"href":"https:\/\/www.briscous.fr\/eu\/wp-json\/wp\/v2\/media?parent=37417"}],"wp:term":[{"taxonomy":"category","embeddable":true,"href":"https:\/\/www.briscous.fr\/eu\/wp-json\/wp\/v2\/categories?post=37417"},{"taxonomy":"post_tag","embeddable":true,"href":"https:\/\/www.briscous.fr\/eu\/wp-json\/wp\/v2\/tags?post=37417"}],"curies":[{"name":"wp","href":"https:\/\/api.w.org\/{rel}","templated":true}]}}