{"id":37549,"date":"2026-03-12T12:12:27","date_gmt":"2026-03-12T10:12:27","guid":{"rendered":"https:\/\/www.briscous.fr\/?p=37549"},"modified":"2026-03-12T12:12:27","modified_gmt":"2026-03-12T10:12:27","slug":"information-elections-municipales-15-et-22-mars-2026","status":"publish","type":"post","link":"https:\/\/www.briscous.fr\/eu\/actualites\/information-elections-municipales-15-et-22-mars-2026","title":{"rendered":"[INFORMATION] \u00c9lections municipales \u2013 15 et 22 mars 2026"},"content":{"rendered":"<p class=\"qtranxs-available-languages-message qtranxs-available-languages-message-eu\">D\u00e9sol\u00e9, cet article est seulement disponible en <a href=\"https:\/\/www.briscous.fr\/fr\/wp-json\/wp\/v2\/posts\/37549\" class=\"qtranxs-available-language-link qtranxs-available-language-link-fr\" title=\"Fran\u00e7ais\">Fran\u00e7ais<\/a>.<\/p><p><\/p>\n<div class=\"xdj266r x14z9mp xat24cr x1lziwak x1vvkbs x126k92a\">\n<div dir=\"auto\">\u00a0<\/div>\n<\/div>\n<div class=\"x14z9mp xat24cr x1lziwak x1vvkbs xtlvy1s x126k92a\">\n<div dir=\"auto\"><strong>Le premier tour des \u00e9lections municipales se tiendra le dimanche 15 mars 2026.<\/strong><\/div>\n<div dir=\"auto\">Le second tour aura lieu le dimanche 22 mars 2026.<\/div>\n<div dir=\"auto\">\u00a0<strong>Les bureaux de vote seront ouverts de 8h \u00e0 18h<\/strong><\/div>\n<\/div>\n<div class=\"x14z9mp xat24cr x1lziwak x1vvkbs xtlvy1s x126k92a\">\n<div dir=\"auto\">\u00a0<\/div>\n<\/div>\n<div class=\"x14z9mp xat24cr x1lziwak x1vvkbs xtlvy1s x126k92a\">\n<div dir=\"auto\"><span class=\"html-span xexx8yu xyri2b x18d9i69 x1c1uobl x1hl2dhg x16tdsg8 x1vvkbs x3nfvp2 x1j61x8r x1fcty0u xdj266r xat24cr xm2jcoa x1mpyi22 xxymvpz xlup9mm x1kky2od\"><img loading=\"lazy\" decoding=\"async\" class=\"xz74otr x15mokao x1ga7v0g x16uus16 xbiv7yw\" src=\"https:\/\/static.xx.fbcdn.net\/images\/emoji.php\/v9\/tdc\/1\/16\/26a0.png\" alt=\"\u26a0\ufe0f\" width=\"16\" height=\"16\" \/><\/span> Pour voter, vous devez vous pr\u00e9senter avec une pi\u00e8ce d\u2019identit\u00e9 physique. Les pi\u00e8ces d\u2019identit\u00e9 photocopi\u00e9es ou au format num\u00e9rique (ex : identit\u00e9 France Connect sur smartphone) ne sont pas accept\u00e9es pour pouvoir voter. Il est donc important de pr\u00e9senter une pi\u00e8ce d\u2019identit\u00e9 valide lors de votre venue au bureau de vote.<\/div>\n<\/div>\n<div class=\"x14z9mp xat24cr x1lziwak x1vvkbs xtlvy1s x126k92a\">\n<div dir=\"auto\">Pour voter, n\u2019oubliez pas :<\/div>\n<div dir=\"auto\"><span class=\"html-span xexx8yu xyri2b x18d9i69 x1c1uobl x1hl2dhg x16tdsg8 x1vvkbs x3nfvp2 x1j61x8r x1fcty0u xdj266r xat24cr xm2jcoa x1mpyi22 xxymvpz xlup9mm x1kky2od\"><img loading=\"lazy\" decoding=\"async\" class=\"xz74otr x15mokao x1ga7v0g x16uus16 xbiv7yw\" src=\"https:\/\/static.xx.fbcdn.net\/images\/emoji.php\/v9\/t51\/1\/16\/1f449.png\" alt=\"\ud83d\udc49\" width=\"16\" height=\"16\" \/><\/span> Votre pi\u00e8ce d\u2019identit\u00e9 (obligatoire)<\/div>\n<div dir=\"auto\"><span class=\"html-span xexx8yu xyri2b x18d9i69 x1c1uobl x1hl2dhg x16tdsg8 x1vvkbs x3nfvp2 x1j61x8r x1fcty0u xdj266r xat24cr xm2jcoa x1mpyi22 xxymvpz xlup9mm x1kky2od\"><img loading=\"lazy\" decoding=\"async\" class=\"xz74otr x15mokao x1ga7v0g x16uus16 xbiv7yw\" src=\"https:\/\/static.xx.fbcdn.net\/images\/emoji.php\/v9\/t51\/1\/16\/1f449.png\" alt=\"\ud83d\udc49\" width=\"16\" height=\"16\" \/><\/span> Votre carte \u00e9lectorale (recommand\u00e9e mais non obligatoire)<\/div>\n<\/div>\n<div class=\"x14z9mp xat24cr x1lziwak x1vvkbs xtlvy1s x126k92a\">\n<div dir=\"auto\">Plus d\u2019informations sur les papiers d\u2019identit\u00e9 recevables pour le vote <span class=\"html-span xexx8yu xyri2b x18d9i69 x1c1uobl x1hl2dhg x16tdsg8 x1vvkbs x3nfvp2 x1j61x8r x1fcty0u xdj266r xat24cr xm2jcoa x1mpyi22 xxymvpz xlup9mm x1kky2od\"><img loading=\"lazy\" decoding=\"async\" class=\"xz74otr x15mokao x1ga7v0g x16uus16 xbiv7yw\" src=\"https:\/\/static.xx.fbcdn.net\/images\/emoji.php\/v9\/t8c\/1\/16\/1f4bb.png\" alt=\"\ud83d\udcbb\" width=\"16\" height=\"16\" \/><\/span><\/div>\n<div dir=\"auto\"><span class=\"html-span xdj266r x14z9mp xat24cr x1lziwak xexx8yu xyri2b x18d9i69 x1c1uobl x1hl2dhg x16tdsg8 x1vvkbs\"><a class=\"x1i10hfl xjbqb8w x1ejq31n x18oe1m7 x1sy0etr xstzfhl x972fbf x10w94by x1qhh985 x14e42zd x9f619 x1ypdohk xt0psk2 x3ct3a4 xdj266r x14z9mp xat24cr x1lziwak xexx8yu xyri2b x18d9i69 x1c1uobl x16tdsg8 x1hl2dhg xggy1nq x1a2a7pz xkrqix3 x1sur9pj x1fey0fg x1s688f\" tabindex=\"0\" role=\"link\" href=\"https:\/\/www.service-public.gouv.fr\/particuliers\/vosdroits\/F1361?fbclid=IwZXh0bgNhZW0CMTAAYnJpZBExTlU3T281QnV2d0NzaDhwRXNydGMGYXBwX2lkEDIyMjAzOTE3ODgyMDA4OTIAAR78Ig6HPpdqMfDxKC6tId6BGvWMi7UBW03hRhgvmxGPC5YuqShLyfAbFCZeVw_aem_CcVnYQMPe4oXIuDknnYGoA\" target=\"_blank\" rel=\"nofollow noopener\">https:\/\/www.service-public.gouv.fr\/partic&#8230;\/vosdroits\/F1361<\/a><\/span><\/div>\n<div dir=\"auto\"><a href=\"https:\/\/www.briscous.fr\/wp-content\/uploads\/2026\/03\/elections-2026-1.jpg\"><img loading=\"lazy\" decoding=\"async\" class=\"aligncenter  wp-image-37552\" src=\"https:\/\/www.briscous.fr\/wp-content\/uploads\/2026\/03\/elections-2026-1-848x1200.jpg\" alt=\"\" width=\"392\" height=\"555\" srcset=\"https:\/\/www.briscous.fr\/wp-content\/uploads\/2026\/03\/elections-2026-1-848x1200.jpg 848w, https:\/\/www.briscous.fr\/wp-content\/uploads\/2026\/03\/elections-2026-1-424x600.jpg 424w, https:\/\/www.briscous.fr\/wp-content\/uploads\/2026\/03\/elections-2026-1-141x200.jpg 141w, https:\/\/www.briscous.fr\/wp-content\/uploads\/2026\/03\/elections-2026-1-1086x1536.jpg 1086w, https:\/\/www.briscous.fr\/wp-content\/uploads\/2026\/03\/elections-2026-1-1320x1867.jpg 1320w, https:\/\/www.briscous.fr\/wp-content\/uploads\/2026\/03\/elections-2026-1.jpg 1448w\" sizes=\"auto, (max-width: 392px) 100vw, 392px\" \/><\/a><\/div>\n<\/div>\n<p><\/p>","protected":false},"excerpt":{"rendered":"<p>D\u00e9sol\u00e9, cet article est seulement disponible en Fran\u00e7ais. \u00a0 Le premier tour des \u00e9lections municipales se tiendra le dimanche 15 mars 2026. Le second tour aura lieu le dimanche 22 &hellip;<\/p>\n","protected":false},"author":2,"featured_media":37553,"comment_status":"closed","ping_status":"closed","sticky":false,"template":"","format":"standard","meta":{"_acf_changed":false,"_seopress_robots_primary_cat":"none","_seopress_titles_title":"","_seopress_titles_desc":"","_seopress_robots_index":"","footnotes":""},"categories":[109],"tags":[],"class_list":["post-37549","post","type-post","status-publish","format-standard","has-post-thumbnail","hentry","category-actualites"],"acf":[],"jetpack_featured_media_url":"https:\/\/www.briscous.fr\/wp-content\/uploads\/2026\/03\/elections-municipales.jpg","_links":{"self":[{"href":"https:\/\/www.briscous.fr\/eu\/wp-json\/wp\/v2\/posts\/37549","targetHints":{"allow":["GET"]}}],"collection":[{"href":"https:\/\/www.briscous.fr\/eu\/wp-json\/wp\/v2\/posts"}],"about":[{"href":"https:\/\/www.briscous.fr\/eu\/wp-json\/wp\/v2\/types\/post"}],"author":[{"embeddable":true,"href":"https:\/\/www.briscous.fr\/eu\/wp-json\/wp\/v2\/users\/2"}],"replies":[{"embeddable":true,"href":"https:\/\/www.briscous.fr\/eu\/wp-json\/wp\/v2\/comments?post=37549"}],"version-history":[{"count":4,"href":"https:\/\/www.briscous.fr\/eu\/wp-json\/wp\/v2\/posts\/37549\/revisions"}],"predecessor-version":[{"id":37557,"href":"https:\/\/www.briscous.fr\/eu\/wp-json\/wp\/v2\/posts\/37549\/revisions\/37557"}],"wp:featuredmedia":[{"embeddable":true,"href":"https:\/\/www.briscous.fr\/eu\/wp-json\/wp\/v2\/media\/37553"}],"wp:attachment":[{"href":"https:\/\/www.briscous.fr\/eu\/wp-json\/wp\/v2\/media?parent=37549"}],"wp:term":[{"taxonomy":"category","embeddable":true,"href":"https:\/\/www.briscous.fr\/eu\/wp-json\/wp\/v2\/categories?post=37549"},{"taxonomy":"post_tag","embeddable":true,"href":"https:\/\/www.briscous.fr\/eu\/wp-json\/wp\/v2\/tags?post=37549"}],"curies":[{"name":"wp","href":"https:\/\/api.w.org\/{rel}","templated":true}]}}