{"id":413,"date":"2016-11-09T08:26:14","date_gmt":"2016-11-09T07:26:14","guid":{"rendered":"http:\/\/www.briscous.fr\/?p=413"},"modified":"2016-11-09T09:12:59","modified_gmt":"2016-11-09T08:12:59","slug":"travaux-sur-la-commune","status":"publish","type":"post","link":"https:\/\/www.briscous.fr\/eu\/travaux\/travaux-sur-la-commune","title":{"rendered":"Travaux sur la commune"},"content":{"rendered":"<p class=\"qtranxs-available-languages-message qtranxs-available-languages-message-eu\">D\u00e9sol\u00e9, cet article est seulement disponible en <a href=\"https:\/\/www.briscous.fr\/fr\/wp-json\/wp\/v2\/posts\/413\" class=\"qtranxs-available-language-link qtranxs-available-language-link-fr\" title=\"Fran\u00e7ais\">Fran\u00e7ais<\/a>.<\/p><p><\/p>\n<p style=\"text-align: left;\"><strong>MIS A JOUR LE 9 NOVEMBRE 2016<\/strong><\/p>\n<p style=\"text-align: left;\">Afin d&#8217;am\u00e9liorer la qualit\u00e9 de la distribution et de r\u00e9pondre aux besoins de la commune, la Soci\u00e9t\u00e9 ENEDIS (anciennement ERDF) est conduite \u00e0 programmer des travaux qui entra\u00eeneront une coupure d\u2019\u00e9lectricit\u00e9 : \u00a0 \u00a0 \u00a0 <br \/>\n <strong>le jeudi 17 novembre entre 9h00 et 13h00.<\/strong><br \/>\n Les quartiers ou lieux-dits concern\u00e9s sont :<br \/>\n <strong>Chemin de Donamartinia<\/strong><br \/>\n <strong>Chemin de l&#8217;Enseigne<\/strong><br \/>\n <strong>Route d&#8217;Hasparren<\/strong><br \/>\n <strong>Chemin Soroeta<\/strong><br \/>\n <strong>Quartier des Salines<\/strong><\/p>\n<p style=\"text-align: left;\"><strong>le mardi 22 novembre entre 14h30 et 17h00<\/strong><br \/>\n Les quartiers ou lieux-dit concern\u00e9s sont :<br \/>\n <strong>Chemin Leizarraga<\/strong><br \/>\n <strong>Chemin Harriaga<\/strong><br \/>\n <strong>Chemin Ithurraldia<\/strong><br \/>\n <strong>Le Bourg<\/p>\n<p> le vendredi 25 novembre entre 9h00 et 17h00<br \/>\n <\/strong>Les quartiers ou lieux-dit concern\u00e9s sont :<br \/>\n <strong>Chemin des Cr\u00eates<br \/>\n Chemin Haramburua<br \/>\n Chemin Harrieta<br \/>\n Chemin Bide Handia<br \/>\n Quartier Les Salines<br \/>\nRD936<\/p>\n<p> <\/strong>Merci pour votre compr\u00e9hension.<\/p>\n<p>&nbsp;<\/p>\n<p><\/p>","protected":false},"excerpt":{"rendered":"<p>D\u00e9sol\u00e9, cet article est seulement disponible en Fran\u00e7ais. MIS A JOUR LE 9 NOVEMBRE 2016 Afin d&#8217;am\u00e9liorer la qualit\u00e9 de la distribution et de r\u00e9pondre aux besoins de la commune, &hellip;<\/p>\n","protected":false},"author":1,"featured_media":2414,"comment_status":"closed","ping_status":"closed","sticky":false,"template":"","format":"standard","meta":{"_acf_changed":false,"_seopress_robots_primary_cat":"","_seopress_titles_title":"","_seopress_titles_desc":"","_seopress_robots_index":"","footnotes":""},"categories":[109,95],"tags":[],"class_list":["post-413","post","type-post","status-publish","format-standard","has-post-thumbnail","hentry","category-actualites","category-travaux"],"acf":[],"jetpack_featured_media_url":"https:\/\/www.briscous.fr\/wp-content\/uploads\/2016\/10\/coupure.jpg","_links":{"self":[{"href":"https:\/\/www.briscous.fr\/eu\/wp-json\/wp\/v2\/posts\/413","targetHints":{"allow":["GET"]}}],"collection":[{"href":"https:\/\/www.briscous.fr\/eu\/wp-json\/wp\/v2\/posts"}],"about":[{"href":"https:\/\/www.briscous.fr\/eu\/wp-json\/wp\/v2\/types\/post"}],"author":[{"embeddable":true,"href":"https:\/\/www.briscous.fr\/eu\/wp-json\/wp\/v2\/users\/1"}],"replies":[{"embeddable":true,"href":"https:\/\/www.briscous.fr\/eu\/wp-json\/wp\/v2\/comments?post=413"}],"version-history":[{"count":10,"href":"https:\/\/www.briscous.fr\/eu\/wp-json\/wp\/v2\/posts\/413\/revisions"}],"predecessor-version":[{"id":3278,"href":"https:\/\/www.briscous.fr\/eu\/wp-json\/wp\/v2\/posts\/413\/revisions\/3278"}],"wp:featuredmedia":[{"embeddable":true,"href":"https:\/\/www.briscous.fr\/eu\/wp-json\/wp\/v2\/media\/2414"}],"wp:attachment":[{"href":"https:\/\/www.briscous.fr\/eu\/wp-json\/wp\/v2\/media?parent=413"}],"wp:term":[{"taxonomy":"category","embeddable":true,"href":"https:\/\/www.briscous.fr\/eu\/wp-json\/wp\/v2\/categories?post=413"},{"taxonomy":"post_tag","embeddable":true,"href":"https:\/\/www.briscous.fr\/eu\/wp-json\/wp\/v2\/tags?post=413"}],"curies":[{"name":"wp","href":"https:\/\/api.w.org\/{rel}","templated":true}]}}