{"id":4379,"date":"2017-06-01T15:12:31","date_gmt":"2017-06-01T14:12:31","guid":{"rendered":"http:\/\/www.briscous.fr\/?p=4379"},"modified":"2017-06-01T15:18:26","modified_gmt":"2017-06-01T14:18:26","slug":"travaux-realises-bourg-conseil-departemental","status":"publish","type":"post","link":"https:\/\/www.briscous.fr\/eu\/travaux\/travaux-realises-bourg-conseil-departemental","title":{"rendered":"Travaux r\u00e9alis\u00e9s au Bourg par le Conseil D\u00e9partemental"},"content":{"rendered":"<p class=\"qtranxs-available-languages-message qtranxs-available-languages-message-eu\">D\u00e9sol\u00e9, cet article est seulement disponible en <a href=\"https:\/\/www.briscous.fr\/fr\/wp-json\/wp\/v2\/posts\/4379\" class=\"qtranxs-available-language-link qtranxs-available-language-link-fr\" title=\"Fran\u00e7ais\">Fran\u00e7ais<\/a>.<\/p><p><\/p>\n<p><strong>Information du \u00a0Conseil D\u00e9partemental<\/strong> :<\/p>\n<p>A la demande du service des transports du d\u00e9partement, l&#8217;encoche \u00e0 c\u00f4t\u00e9 de la poste de Briscous \u00a0va \u00eatre supprim\u00e9e pour permettre la mise en place de l&#8217;accessibilit\u00e9 handicap pour les bus.\u00a0<br \/>\n Le trottoir sera donc \u00e9largi ce qui permettra d&#8217;avoir plus de place pour les jeunes qui attendent le bus le matin.<br \/>\n Par contre, l&#8217;encoche permettait \u00e9galement aux usagers de la poste de se garer, cela ne sera plus possible.<br \/>\n Merci d&#8217;utiliser la contre all\u00e9e o\u00f9 le parking en haut de Vival.<br \/>\n Les travaux seront effectu\u00e9s par le Conseil D\u00e9partemental. <br \/>\n Ils d\u00e9buteront <strong>le jeudi 08 juin et dureront 3 \u00e0 4 jours.<\/p>\n<p><\/strong>Merci pour votre compr\u00e9hension.<\/p>\n<p>&nbsp;<\/p>\n<p><\/p>","protected":false},"excerpt":{"rendered":"<p>D\u00e9sol\u00e9, cet article est seulement disponible en Fran\u00e7ais. Information du \u00a0Conseil D\u00e9partemental : A la demande du service des transports du d\u00e9partement, l&#8217;encoche \u00e0 c\u00f4t\u00e9 de la poste de Briscous &hellip;<\/p>\n","protected":false},"author":2,"featured_media":4381,"comment_status":"closed","ping_status":"closed","sticky":false,"template":"","format":"standard","meta":{"_acf_changed":false,"_seopress_robots_primary_cat":"","_seopress_titles_title":"","_seopress_titles_desc":"","_seopress_robots_index":"","footnotes":""},"categories":[109,95],"tags":[],"class_list":["post-4379","post","type-post","status-publish","format-standard","has-post-thumbnail","hentry","category-actualites","category-travaux"],"acf":[],"jetpack_featured_media_url":"https:\/\/www.briscous.fr\/wp-content\/uploads\/2017\/06\/images.png","_links":{"self":[{"href":"https:\/\/www.briscous.fr\/eu\/wp-json\/wp\/v2\/posts\/4379","targetHints":{"allow":["GET"]}}],"collection":[{"href":"https:\/\/www.briscous.fr\/eu\/wp-json\/wp\/v2\/posts"}],"about":[{"href":"https:\/\/www.briscous.fr\/eu\/wp-json\/wp\/v2\/types\/post"}],"author":[{"embeddable":true,"href":"https:\/\/www.briscous.fr\/eu\/wp-json\/wp\/v2\/users\/2"}],"replies":[{"embeddable":true,"href":"https:\/\/www.briscous.fr\/eu\/wp-json\/wp\/v2\/comments?post=4379"}],"version-history":[{"count":3,"href":"https:\/\/www.briscous.fr\/eu\/wp-json\/wp\/v2\/posts\/4379\/revisions"}],"predecessor-version":[{"id":4383,"href":"https:\/\/www.briscous.fr\/eu\/wp-json\/wp\/v2\/posts\/4379\/revisions\/4383"}],"wp:featuredmedia":[{"embeddable":true,"href":"https:\/\/www.briscous.fr\/eu\/wp-json\/wp\/v2\/media\/4381"}],"wp:attachment":[{"href":"https:\/\/www.briscous.fr\/eu\/wp-json\/wp\/v2\/media?parent=4379"}],"wp:term":[{"taxonomy":"category","embeddable":true,"href":"https:\/\/www.briscous.fr\/eu\/wp-json\/wp\/v2\/categories?post=4379"},{"taxonomy":"post_tag","embeddable":true,"href":"https:\/\/www.briscous.fr\/eu\/wp-json\/wp\/v2\/tags?post=4379"}],"curies":[{"name":"wp","href":"https:\/\/api.w.org\/{rel}","templated":true}]}}