{"id":9864,"date":"2021-03-05T15:26:00","date_gmt":"2021-03-05T13:26:00","guid":{"rendered":"https:\/\/www.briscous.fr\/?p=9864"},"modified":"2021-03-05T18:12:09","modified_gmt":"2021-03-05T16:12:09","slug":"mars-bleu-le-mois-de-prevention-du-cancer-colorectal","status":"publish","type":"post","link":"https:\/\/www.briscous.fr\/eu\/actualites\/mars-bleu-le-mois-de-prevention-du-cancer-colorectal","title":{"rendered":"Mars Bleu : le mois de pr\u00e9vention du cancer colorectal"},"content":{"rendered":"<p class=\"qtranxs-available-languages-message qtranxs-available-languages-message-eu\">D\u00e9sol\u00e9, cet article est seulement disponible en <a href=\"https:\/\/www.briscous.fr\/fr\/wp-json\/wp\/v2\/posts\/9864\" class=\"qtranxs-available-language-link qtranxs-available-language-link-fr\" title=\"Fran\u00e7ais\">Fran\u00e7ais<\/a>.<\/p><p><\/p>\n<p>Chaque ann\u00e9e en France, on compte 43 000 nouveaux cas de cancers colorectaux et pr\u00e8s de 17 000 d\u00e9c\u00e8s. Heureusement, le d\u00e9pistage permet de sauver des milliers de vie ! D\u00e9tect\u00e9 \u00e0 temps, il peut \u00eatre gu\u00e9ri dans 9 cas sur 10.<\/p>\n<p><span style=\"font-family: 'Calibri',sans-serif; color: black;\">A noter, plusieurs manifestations sont pr\u00e9vues sur le territoire : <\/span><\/p>\n<p><span style=\"font-family: 'Calibri',sans-serif; color: black;\">\u00a0<\/span><strong><span style=\"font-family: 'Calibri',sans-serif; color: #006fc9;\">&#8211; <\/span><\/strong><strong><span style=\"font-size: 10.0pt; font-family: 'Calibri',sans-serif; color: #006fc9;\">9 mars, 9h : Emission de radio France Bleu Pays Basque avec le Dr Oui, gastro-ent\u00e9rologue du Centre Hospitalier de la C\u00f4te Basque. Le public pourra poser ses questions en direct \u00e0 la radio ou en amont de l&#8217;\u00e9mission sur le site de l&#8217;h\u00f4pital de Bayonne : <a id=\"LPlnk818587\" href=\"https:\/\/www.ch-cote-basque.fr\/mars-bleu\/2131-l-hopital-vous-repond-cancer-colorectal\" target=\"_blank\" rel=\"noopener noreferrer\">https:\/\/www.ch-cote-basque.fr\/mars-bleu\/2131-l-hopital-vous-repond-cancer-colorectal<\/a><\/span><\/strong><\/p>\n<p><strong><span style=\"font-size: 10.0pt; font-family: 'Calibri',sans-serif; color: #006fc9;\">&#8211; 19 mars, 9h30-13h : Stand d&#8217;information\u00a0sur la pr\u00e9vention du\u00a0cancer colorectal au\u00a0march\u00e9 de Saint-Palais <\/span><\/strong><\/p>\n<p><strong><span style=\"font-size: 10.0pt; font-family: 'Calibri',sans-serif; color: #006fc9;\">&#8211; 20 mars, 10h-17h : \u00ab forum sant\u00e9 \u00bb, esplanade des Sables d\u2019Or, Anglet<\/span><\/strong><span style=\"font-size: 10.0pt; font-family: 'Calibri',sans-serif; color: #006fc9;\"> (sous r\u00e9serve)<\/span><\/p>\n<p><strong><span style=\"font-size: 10.0pt; font-family: 'Calibri',sans-serif; color: #006fc9;\">&#8211; 27 mars, 14h30-17h : \u00ab forum sant\u00e9 \u00bb, carreau des Halles, Bayonne <\/span><\/strong><span style=\"font-size: 10.0pt; font-family: 'Calibri',sans-serif; color: #006fc9;\">(sous r\u00e9serve)<br \/>\n<a href=\"https:\/\/www.briscous.fr\/wp-content\/uploads\/2021\/03\/article-mairies-mars-bleu-1-of-1.png\"><img loading=\"lazy\" decoding=\"async\" class=\"size-medium wp-image-9926 aligncenter\" src=\"https:\/\/www.briscous.fr\/wp-content\/uploads\/2021\/03\/article-mairies-mars-bleu-1-of-1-424x600.png\" alt=\"\" width=\"424\" height=\"600\" srcset=\"https:\/\/www.briscous.fr\/wp-content\/uploads\/2021\/03\/article-mairies-mars-bleu-1-of-1-424x600.png 424w, https:\/\/www.briscous.fr\/wp-content\/uploads\/2021\/03\/article-mairies-mars-bleu-1-of-1-849x1200.png 849w, https:\/\/www.briscous.fr\/wp-content\/uploads\/2021\/03\/article-mairies-mars-bleu-1-of-1-141x200.png 141w, https:\/\/www.briscous.fr\/wp-content\/uploads\/2021\/03\/article-mairies-mars-bleu-1-of-1-600x848.png 600w, https:\/\/www.briscous.fr\/wp-content\/uploads\/2021\/03\/article-mairies-mars-bleu-1-of-1-1086x1536.png 1086w, https:\/\/www.briscous.fr\/wp-content\/uploads\/2021\/03\/article-mairies-mars-bleu-1-of-1-1448x2048.png 1448w, https:\/\/www.briscous.fr\/wp-content\/uploads\/2021\/03\/article-mairies-mars-bleu-1-of-1.png 1654w\" sizes=\"auto, (max-width: 424px) 100vw, 424px\" \/><\/a><\/p>\n<p>\n<\/span><\/p>\n<div class=\"article--btn-acces\">\u00a0<\/div>\n<p>&nbsp;<\/p>\n<p>&nbsp;<\/p>\n<p>&nbsp;<\/p>\n<p><\/p>","protected":false},"excerpt":{"rendered":"<p>D\u00e9sol\u00e9, cet article est seulement disponible en Fran\u00e7ais. Chaque ann\u00e9e en France, on compte 43 000 nouveaux cas de cancers colorectaux et pr\u00e8s de 17 000 d\u00e9c\u00e8s. Heureusement, le d\u00e9pistage &hellip;<\/p>\n","protected":false},"author":2,"featured_media":9865,"comment_status":"closed","ping_status":"closed","sticky":false,"template":"","format":"standard","meta":{"_acf_changed":false,"_seopress_robots_primary_cat":"","_seopress_titles_title":"","_seopress_titles_desc":"","_seopress_robots_index":"","footnotes":""},"categories":[109],"tags":[],"class_list":["post-9864","post","type-post","status-publish","format-standard","has-post-thumbnail","hentry","category-actualites"],"acf":[],"jetpack_featured_media_url":"https:\/\/www.briscous.fr\/wp-content\/uploads\/2021\/02\/helium-mars-bleu-cancer-1110x509-1.png","_links":{"self":[{"href":"https:\/\/www.briscous.fr\/eu\/wp-json\/wp\/v2\/posts\/9864","targetHints":{"allow":["GET"]}}],"collection":[{"href":"https:\/\/www.briscous.fr\/eu\/wp-json\/wp\/v2\/posts"}],"about":[{"href":"https:\/\/www.briscous.fr\/eu\/wp-json\/wp\/v2\/types\/post"}],"author":[{"embeddable":true,"href":"https:\/\/www.briscous.fr\/eu\/wp-json\/wp\/v2\/users\/2"}],"replies":[{"embeddable":true,"href":"https:\/\/www.briscous.fr\/eu\/wp-json\/wp\/v2\/comments?post=9864"}],"version-history":[{"count":6,"href":"https:\/\/www.briscous.fr\/eu\/wp-json\/wp\/v2\/posts\/9864\/revisions"}],"predecessor-version":[{"id":9927,"href":"https:\/\/www.briscous.fr\/eu\/wp-json\/wp\/v2\/posts\/9864\/revisions\/9927"}],"wp:featuredmedia":[{"embeddable":true,"href":"https:\/\/www.briscous.fr\/eu\/wp-json\/wp\/v2\/media\/9865"}],"wp:attachment":[{"href":"https:\/\/www.briscous.fr\/eu\/wp-json\/wp\/v2\/media?parent=9864"}],"wp:term":[{"taxonomy":"category","embeddable":true,"href":"https:\/\/www.briscous.fr\/eu\/wp-json\/wp\/v2\/categories?post=9864"},{"taxonomy":"post_tag","embeddable":true,"href":"https:\/\/www.briscous.fr\/eu\/wp-json\/wp\/v2\/tags?post=9864"}],"curies":[{"name":"wp","href":"https:\/\/api.w.org\/{rel}","templated":true}]}}